{"id":9431,"date":"2026-08-25T16:46:27","date_gmt":"2026-08-25T19:46:27","guid":{"rendered":"https:\/\/valejudicial.com.br\/consolidacao-substancial-nao-e-automatica-stj-resp-2218122\/"},"modified":"2026-08-25T16:48:31","modified_gmt":"2026-08-25T19:48:31","slug":"consolidacao-substancial-nao-e-automatica-stj-2026","status":"publish","type":"post","link":"https:\/\/valejudicial.com.br\/en\/consolidacao-substancial-nao-e-automatica-stj-2026\/","title":{"rendered":"Consolida\u00e7\u00e3o substancial n\u00e3o \u00e9 autom\u00e1tica: o que o STJ decidiu no REsp 2.218.122-RS"},"content":{"rendered":"<p>Quando v\u00e1rias empresas de um mesmo grupo pedem recupera\u00e7\u00e3o judicial juntas, surge uma pergunta que decide o destino dos credores: os patrim\u00f4nios ser\u00e3o tratados como um s\u00f3 \u2014 com plano \u00fanico, lista \u00fanica de credores e vota\u00e7\u00e3o \u00fanica \u2014 ou cada sociedade responder\u00e1 pelas suas d\u00edvidas? \u00c9 a diferen\u00e7a entre a <strong>consolida\u00e7\u00e3o processual<\/strong> (art. 69-G da Lei 11.101\/2005) e a <strong>consolida\u00e7\u00e3o substancial<\/strong> (art. 69-J), e o Superior Tribunal de Justi\u00e7a fixou, em abril de 2026, um limite importante para a segunda.<\/p>\n<h2>O caso<\/h2>\n<p>No <strong>REsp 2.218.122-RS<\/strong> (3\u00aa Turma, relator Ministro Ricardo Villas B\u00f4as Cueva, julgado em 14\/04\/2026, por unanimidade \u2014 Informativo 887), um grupo do setor de combust\u00edveis obteve, em primeiro grau, o processamento da recupera\u00e7\u00e3o em consolida\u00e7\u00e3o substancial. Duas das sociedades do grupo n\u00e3o tinham os dois anos de atividade regular exigidos pelo art. 48, e o ju\u00edzo relativizou o requisito sob o argumento de &#8220;sucess\u00e3o empresarial&#8221;.<\/p>\n<p>O STJ reformou a decis\u00e3o em duas frentes:<\/p>\n<ol>\n<li><strong>Cada litisconsorte responde pelos pr\u00f3prios requisitos.<\/strong> Em pedido conjunto de grupo econ\u00f4mico, cada sociedade deve comprovar individualmente o exerc\u00edcio regular da atividade h\u00e1 mais de dois anos (art. 48) e juntar a documenta\u00e7\u00e3o dos arts. 51 e 52 \u2014 inclusive as demonstra\u00e7\u00f5es cont\u00e1beis dos tr\u00eas \u00faltimos exerc\u00edcios.<\/li>\n<li><strong>Consolida\u00e7\u00e3o substancial n\u00e3o se imp\u00f5e por decis\u00e3o judicial.<\/strong> Sem prova da interconex\u00e3o e da confus\u00e3o entre ativos e passivos &#8220;de modo que n\u00e3o seja poss\u00edvel identificar sua titularidade&#8221; \u2014 o pressuposto do caput do art. 69-J \u2014, o juiz n\u00e3o pode determinar a consolida\u00e7\u00e3o de of\u00edcio. A delibera\u00e7\u00e3o, nesse caso, cabe aos credores.<\/li>\n<\/ol>\n<h2>Por que isso importa para o credor<\/h2>\n<p>A consolida\u00e7\u00e3o substancial mistura os passivos. Na pr\u00e1tica, o credor de uma empresa saud\u00e1vel do grupo passa a dividir o mesmo plano com os credores da empresa mais endividada, o seu voto \u00e9 dilu\u00eddo na assembleia e a recupera\u00e7\u00e3o da companhia devedora &#8220;arrasta&#8221; as demais. An\u00e1lise publicada no Conjur em junho de 2026 aponta que, na rotina forense, a consolida\u00e7\u00e3o vinha sendo deferida de forma quase autom\u00e1tica, com exame apenas dos ind\u00edcios dos incisos do art. 69-J (garantias cruzadas, rela\u00e7\u00e3o de controle, identidade de s\u00f3cios, atua\u00e7\u00e3o conjunta no mercado), sem a demonstra\u00e7\u00e3o da confus\u00e3o patrimonial exigida pelo caput.<\/p>\n<p>O REsp 2.218.122-RS reafirma a ordem correta: primeiro a confus\u00e3o patrimonial provada; s\u00f3 ent\u00e3o os ind\u00edcios; e, na falta da prova, a decis\u00e3o \u00e9 dos credores, n\u00e3o do ju\u00edzo.<\/p>\n<h2>O contexto: mais CNPJs por processo<\/h2>\n<p>O tema ganha peso porque o perfil dos pedidos mudou. Em 2025, segundo a Serasa Experian, foram 977 processos de recupera\u00e7\u00e3o judicial envolvendo 2.466 empresas \u2014 recorde da s\u00e9rie \u2014, o que indica mais grupos econ\u00f4micos recorrendo ao instituto em litiscons\u00f3rcio (dados comentados em <a href=\"https:\/\/valejudicial.com.br\/en\/recuperacao-judicial-2025-numeros-serasa-goias-agro\/\">artigo anterior<\/a>).<\/p>\n<h2>O papel do administrador judicial<\/h2>\n<p>Quem tem os elementos para dizer se h\u00e1 ou n\u00e3o confus\u00e3o patrimonial \u00e9 o administrador judicial. \u00c9 ele quem examina a escritura\u00e7\u00e3o de cada sociedade, identifica garantias cruzadas, fluxos financeiros entre empresas, contratos intragrupo e bens registrados em nome de uma e usados por outra. Esse trabalho deve constar do relat\u00f3rio inicial e dos relat\u00f3rios mensais (art. 22, II, &#8220;a&#8221; e &#8220;c&#8221;), de modo que ju\u00edzo e credores decidam sobre o art. 69-J com base em fatos documentados, e n\u00e3o em presun\u00e7\u00f5es.<\/p>\n<p>Quando a consolida\u00e7\u00e3o substancial n\u00e3o \u00e9 deferida, a verifica\u00e7\u00e3o de cr\u00e9ditos (art. 7\u00ba) e a assembleia geral (arts. 35 a 46) correm por sociedade: lista de credores pr\u00f3pria, qu\u00f3rum pr\u00f3prio e plano pr\u00f3prio para cada devedora, ainda que os processos tramitem em conjunto (art. 69-H).<\/p>\n<h2>Base legal e precedentes<\/h2>\n<ul>\n<li>Lei 11.101\/2005, arts. 48, 51, 52, 69-G a 69-L (inclu\u00eddos pela Lei 14.112\/2020);<\/li>\n<li>STJ, REsp 2.218.122-RS, 3\u00aa Turma, Rel. Min. Ricardo Villas B\u00f4as Cueva, j. 14\/04\/2026, DJEN 17\/04\/2026 \u2014 Informativo de Jurisprud\u00eancia 887 (05\/05\/2026).<\/li>\n<\/ul>\n<h2>Fontes<\/h2>\n<ul>\n<li>STJ, <a href=\"https:\/\/scon.stj.jus.br\/jurisprudencia\/externo\/informativo\/?acao=pesquisarumaedicao&#038;livre=%270887%27.cod.\" target=\"_blank\" rel=\"noopener\">Informativo de Jurisprud\u00eancia n. 887<\/a>;<\/li>\n<li>Migalhas, <a href=\"https:\/\/www.migalhas.com.br\/quentes\/453968\/stj-nega-consolidacao-judicial-em-recuperacao-de-grupo-de-combustiveis\" target=\"_blank\" rel=\"noopener\">STJ nega consolida\u00e7\u00e3o judicial em recupera\u00e7\u00e3o de grupo de combust\u00edveis<\/a> (14\/04\/2026);<\/li>\n<li>Conjur, <a href=\"https:\/\/www.conjur.com.br\/2026-jun-16\/consolidacao-substancial-na-recuperacao-judicial-a-excecao-que-esta-virando-regra\/\" target=\"_blank\" rel=\"noopener\">Consolida\u00e7\u00e3o substancial na recupera\u00e7\u00e3o judicial: a exce\u00e7\u00e3o que est\u00e1 virando regra<\/a> (16\/06\/2026).<\/li>\n<\/ul>","protected":false},"excerpt":{"rendered":"<p>No REsp 2.218.122-RS (abril de 2026), o STJ fixou que a consolida\u00e7\u00e3o substancial do art. 69-J n\u00e3o pode ser imposta pelo juiz sem prova de confus\u00e3o patrimonial e que cada empresa do grupo deve cumprir o art. 48. Efeitos para credores e administrador judicial.<\/p>","protected":false},"author":1,"featured_media":9430,"comment_status":"open","ping_status":"open","sticky":false,"template":"","format":"standard","meta":{"footnotes":""},"categories":[4,6,2],"tags":[],"class_list":["post-9431","post","type-post","status-publish","format-standard","has-post-thumbnail","hentry","category-administracao","category-blog","category-recuperacao","kng-has-post-thumbnail"],"_links":{"self":[{"href":"https:\/\/valejudicial.com.br\/en\/wp-json\/wp\/v2\/posts\/9431","targetHints":{"allow":["GET"]}}],"collection":[{"href":"https:\/\/valejudicial.com.br\/en\/wp-json\/wp\/v2\/posts"}],"about":[{"href":"https:\/\/valejudicial.com.br\/en\/wp-json\/wp\/v2\/types\/post"}],"author":[{"embeddable":true,"href":"https:\/\/valejudicial.com.br\/en\/wp-json\/wp\/v2\/users\/1"}],"replies":[{"embeddable":true,"href":"https:\/\/valejudicial.com.br\/en\/wp-json\/wp\/v2\/comments?post=9431"}],"version-history":[{"count":1,"href":"https:\/\/valejudicial.com.br\/en\/wp-json\/wp\/v2\/posts\/9431\/revisions"}],"predecessor-version":[{"id":9435,"href":"https:\/\/valejudicial.com.br\/en\/wp-json\/wp\/v2\/posts\/9431\/revisions\/9435"}],"wp:featuredmedia":[{"embeddable":true,"href":"https:\/\/valejudicial.com.br\/en\/wp-json\/wp\/v2\/media\/9430"}],"wp:attachment":[{"href":"https:\/\/valejudicial.com.br\/en\/wp-json\/wp\/v2\/media?parent=9431"}],"wp:term":[{"taxonomy":"category","embeddable":true,"href":"https:\/\/valejudicial.com.br\/en\/wp-json\/wp\/v2\/categories?post=9431"},{"taxonomy":"post_tag","embeddable":true,"href":"https:\/\/valejudicial.com.br\/en\/wp-json\/wp\/v2\/tags?post=9431"}],"curies":[{"name":"wp","href":"https:\/\/api.w.org\/{rel}","templated":true}]}}