{"id":9421,"date":"2026-08-25T16:37:22","date_gmt":"2026-08-25T19:37:22","guid":{"rendered":"https:\/\/valejudicial.com.br\/o-primeiro-ano-do-perito-judicial-livro\/"},"modified":"2026-08-25T16:42:45","modified_gmt":"2026-08-25T19:42:45","slug":"o-primeiro-ano-do-perito-judicial-livro","status":"publish","type":"post","link":"https:\/\/valejudicial.com.br\/en\/o-primeiro-ano-do-perito-judicial-livro\/","title":{"rendered":"\u201cO Primeiro Ano do Perito Judicial\u201d: por que a nomea\u00e7\u00e3o n\u00e3o \u00e9 sorteio"},"content":{"rendered":"<p>O tribunal n\u00e3o sabe que voc\u00ea existe. Essa \u00e9 a primeira frase que o rec\u00e9m-cadastrado precisa aceitar \u2014 e o ponto de partida de <strong><em>O Primeiro Ano do Perito Judicial \u2014 Os princ\u00edpios que transformam a primeira nomea\u00e7\u00e3o em uma carreira s\u00f3lida<\/em><\/strong>, de <strong>Caio C\u00e9sar Alves de Azeredo<\/strong>, t\u00edtulo da Biblioteca Vale Judicial dispon\u00edvel na Amazon.<\/p>\n<p>O livro nasce de uma constata\u00e7\u00e3o repetida: a maioria dos profissionais que se cadastram como peritos nunca recebe a segunda nomea\u00e7\u00e3o \u2014 e o diagn\u00f3stico que costumam fazer (&#8220;eu preciso estudar mais&#8221;) \u00e9, na vis\u00e3o do autor, o erro que trava carreiras. O que a vara avalia no primeiro ano n\u00e3o \u00e9 o conhecimento t\u00e9cnico, que ela presume; \u00e9 o <strong>comportamento do perito dentro dos autos<\/strong>.<\/p>\n<h2>A nomea\u00e7\u00e3o n\u00e3o \u00e9 sorteio<\/h2>\n<p>A tese central \u00e9 a da &#8220;auditoria invis\u00edvel&#8221;: cada ato do perito no processo \u2014 o tempo de resposta \u00e0 intima\u00e7\u00e3o, a forma de aceitar ou escusar, a proposta de honor\u00e1rios, a designa\u00e7\u00e3o de data, a entrega do laudo \u2014 \u00e9 um teste para a pr\u00f3xima nomea\u00e7\u00e3o. A devolutiva dessa auditoria \u00e9 silenciosa: a nomea\u00e7\u00e3o seguinte vem, ou n\u00e3o vem.<\/p>\n<p>\u00c9 uma leitura que se apoia no pr\u00f3prio desenho do C\u00f3digo de Processo Civil: o perito \u00e9 auxiliar da justi\u00e7a (art. 149), nomeado entre os profissionais habilitados inscritos no cadastro do tribunal (art. 156, \u00a7 1\u00ba), com dever de cumprir o of\u00edcio no prazo e com dilig\u00eancia (art. 157) e de fundamentar o laudo em linguagem simples (art. 473, \u00a7 1\u00ba). O livro traduz esses dispositivos em rotina.<\/p>\n<h2>Tr\u00eas partes, oito atos<\/h2>\n<p>A obra est\u00e1 organizada em tr\u00eas partes, seguindo o mapa dos oito atos que se repetem em todo processo:<\/p>\n<ul>\n<li><strong>Parte I \u2014 Tornar-se vis\u00edvel.<\/strong> Onde se cadastrar de verdade (as tr\u00eas Justi\u00e7as e seus sistemas), o curr\u00edculo que a secretaria entende em trinta segundos, a &#8220;morte silenciosa&#8221; das certid\u00f5es vencidas e a presen\u00e7a institucional sem atropelar a \u00e9tica.<\/li>\n<li><strong>Parte II \u2014 A primeira nomea\u00e7\u00e3o.<\/strong> A anatomia dos primeiros cinco dias ap\u00f3s a intima\u00e7\u00e3o; contagem de prazo em dias \u00fateis; as tr\u00eas portas (aceitar, escusar, pedir esclarecimento) e a pe\u00e7a certa de cada uma; a proposta de honor\u00e1rios que o juiz homologa \u2014 com o desmonte da cren\u00e7a de que &#8220;honor\u00e1rio de perito \u00e9 tabelado&#8221; \u2014 e a defesa da proposta impugnada sem criar inimigos; a leitura dos autos como perito, n\u00e3o como parte; quesitos, objeto da per\u00edcia, designa\u00e7\u00e3o de data e requisi\u00e7\u00e3o de documentos.<\/li>\n<li><strong>Parte III \u2014 A prova da confian\u00e7a.<\/strong> O dia da dilig\u00eancia, a imparcialidade na pr\u00e1tica (&#8220;o perito \u00e9 do ju\u00edzo, n\u00e3o de quem paga&#8221;), a conduta diante das partes e dos assistentes t\u00e9cnicos, e o laudo escrito para a senten\u00e7a.<\/li>\n<\/ul>\n<h2>O laudo \u00e9 mat\u00e9ria-prima da senten\u00e7a<\/h2>\n<p>Um dos cap\u00edtulos mais citados pelos leitores trata do laudo como documento jur\u00eddico com conte\u00fado t\u00e9cnico: se o juiz entende a conclus\u00e3o, cita o fundamento e transcreve a resposta, o laudo cumpriu a fun\u00e7\u00e3o; se precisa de tradutor, n\u00e3o cumpriu. O mesmo crit\u00e9rio de demonstrabilidade rege a proposta de honor\u00e1rios \u2014 quadro de horas etapa por etapa, modula\u00e7\u00e3o pela complexidade que os autos revelam em n\u00fameros e confer\u00eancia do precedente da comarca.<\/p>\n<blockquote>\n<p>&#8220;N\u00famero solto \u00e9 chute, e chute se impugna f\u00e1cil; n\u00famero demonstrado \u00e9 or\u00e7amento, e or\u00e7amento se defende sozinho.&#8221;<\/p>\n<\/blockquote>\n<h2>Para quem \u00e9<\/h2>\n<p>Para contadores, administradores, engenheiros, m\u00e9dicos, grafot\u00e9cnicos e demais profissionais que acabaram de se cadastrar (ou pretendem se cadastrar) como peritos; para quem j\u00e1 foi nomeado uma vez e n\u00e3o entende por que a segunda nomea\u00e7\u00e3o n\u00e3o veio; e para assessores e servidores que convivem com peritos e querem entender o que a vara espera deles.<\/p>\n<h2>Onde encontrar<\/h2>\n<p><em>O Primeiro Ano do Perito Judicial<\/em> est\u00e1 <a href=\"https:\/\/www.amazon.com.br\/dp\/B0HBR85NB1\" target=\"_blank\" rel=\"noopener\">dispon\u00edvel na Amazon<\/a>. A entrevista do autor ao Blog do S\u00e9rgio Vieira sobre o livro foi resumida <a href=\"https:\/\/valejudicial.com.br\/en\/na-midia-entrevista-blog-sergio-vieira-primeiro-ano-perito-judicial\/\">neste post<\/a>, e os demais t\u00edtulos da Biblioteca Vale Judicial est\u00e3o na p\u00e1gina de <a href=\"https:\/\/valejudicial.com.br\/en\/publicacoes\/\">Publica\u00e7\u00f5es<\/a>.<\/p>","protected":false},"excerpt":{"rendered":"<p>O livro de Caio Azeredo, dispon\u00edvel na Amazon, mostra o que a vara avalia no primeiro ano do perito: cadastro, intima\u00e7\u00e3o, honor\u00e1rios, leitura dos autos, dilig\u00eancia e o laudo escrito para a senten\u00e7a.<\/p>","protected":false},"author":1,"featured_media":9426,"comment_status":"open","ping_status":"open","sticky":false,"template":"","format":"standard","meta":{"footnotes":""},"categories":[6],"tags":[],"class_list":["post-9421","post","type-post","status-publish","format-standard","has-post-thumbnail","hentry","category-blog","kng-has-post-thumbnail"],"_links":{"self":[{"href":"https:\/\/valejudicial.com.br\/en\/wp-json\/wp\/v2\/posts\/9421","targetHints":{"allow":["GET"]}}],"collection":[{"href":"https:\/\/valejudicial.com.br\/en\/wp-json\/wp\/v2\/posts"}],"about":[{"href":"https:\/\/valejudicial.com.br\/en\/wp-json\/wp\/v2\/types\/post"}],"author":[{"embeddable":true,"href":"https:\/\/valejudicial.com.br\/en\/wp-json\/wp\/v2\/users\/1"}],"replies":[{"embeddable":true,"href":"https:\/\/valejudicial.com.br\/en\/wp-json\/wp\/v2\/comments?post=9421"}],"version-history":[{"count":1,"href":"https:\/\/valejudicial.com.br\/en\/wp-json\/wp\/v2\/posts\/9421\/revisions"}],"predecessor-version":[{"id":9427,"href":"https:\/\/valejudicial.com.br\/en\/wp-json\/wp\/v2\/posts\/9421\/revisions\/9427"}],"wp:featuredmedia":[{"embeddable":true,"href":"https:\/\/valejudicial.com.br\/en\/wp-json\/wp\/v2\/media\/9426"}],"wp:attachment":[{"href":"https:\/\/valejudicial.com.br\/en\/wp-json\/wp\/v2\/media?parent=9421"}],"wp:term":[{"taxonomy":"category","embeddable":true,"href":"https:\/\/valejudicial.com.br\/en\/wp-json\/wp\/v2\/categories?post=9421"},{"taxonomy":"post_tag","embeddable":true,"href":"https:\/\/valejudicial.com.br\/en\/wp-json\/wp\/v2\/tags?post=9421"}],"curies":[{"name":"wp","href":"https:\/\/api.w.org\/{rel}","templated":true}]}}