{"id":9359,"date":"2026-07-31T16:49:52","date_gmt":"2026-07-31T19:49:52","guid":{"rendered":"https:\/\/valejudicial.com.br\/na-midia-entrevista-blog-sergio-vieira-primeiro-ano-perito-judicial\/"},"modified":"2026-07-31T16:50:31","modified_gmt":"2026-07-31T19:50:31","slug":"na-midia-entrevista-blog-sergio-vieira-primeiro-ano-perito-judicial","status":"publish","type":"post","link":"https:\/\/valejudicial.com.br\/en\/na-midia-entrevista-blog-sergio-vieira-primeiro-ano-perito-judicial\/","title":{"rendered":"Na m\u00eddia: entrevista ao Blog do S\u00e9rgio Vieira sobre o primeiro ano do perito judicial"},"content":{"rendered":"<p>O <strong>Blog do S\u00e9rgio Vieira<\/strong> publicou, em 30 de julho de 2026, entrevista exclusiva com <strong>Caio C\u00e9sar Alves de Azeredo<\/strong> \u2014 contador (CRC\/GO 028165), administrador e perito judicial em per\u00edcia cont\u00e1bil, tribut\u00e1ria e documentosc\u00f3pica \u2014 sobre o livro <em>O Primeiro Ano do Perito Judicial: os princ\u00edpios que transformam a primeira nomea\u00e7\u00e3o em uma carreira s\u00f3lida<\/em>.<\/p>\n<p>A conversa parte de uma tese inc\u00f4moda para quem espera o telefone tocar: a nomea\u00e7\u00e3o judicial n\u00e3o \u00e9 sorteio nem indica\u00e7\u00e3o, \u00e9 <strong>consequ\u00eancia do comportamento do profissional dentro dos autos<\/strong>. Reunimos abaixo os pontos centrais da entrevista, com o link para a \u00edntegra na fonte original.<\/p>\n<h2>A &#8220;auditoria invis\u00edvel&#8221; da vara<\/h2>\n<p>Antes de existir laudo, o ju\u00edzo s\u00f3 tem um dado sobre o perito: como ele se comporta no processo. \u00c9 o que o autor chama de auditoria invis\u00edvel \u2014 a mem\u00f3ria operacional da secretaria sobre quem responde no prazo e quem precisa ser intimado duas vezes.<\/p>\n<blockquote>\n<p>&#8220;A vara lembra de quem respondeu no dia seguinte e de quem precisou ser intimado duas vezes; de quem entregou o laudo sem ser cobrado e de quem sumiu. A cl\u00e1usula mais invis\u00edvel \u00e9 a do cart\u00f3rio: o perito n\u00e3o pode gerar trabalho. E a devolutiva dessa auditoria \u00e9 silenciosa \u2014 a pr\u00f3xima nomea\u00e7\u00e3o vem, ou n\u00e3o vem.&#8221;<\/p>\n<\/blockquote>\n<h2>O laudo \u00e9 documento jur\u00eddico com conte\u00fado t\u00e9cnico<\/h2>\n<p>Na entrevista, o perito defende que o laudo seja escrito pensando na senten\u00e7a, e n\u00e3o em impressionar outros t\u00e9cnicos \u2014 exig\u00eancia que, ali\u00e1s, est\u00e1 no <strong>art. 473, \u00a7 1\u00ba, do CPC<\/strong>, que manda o perito fundamentar em linguagem simples.<\/p>\n<blockquote>\n<p>&#8220;Para o juiz, o laudo \u00e9 mat\u00e9ria-prima da senten\u00e7a: se ele entende a conclus\u00e3o, cita o fundamento e transcreve a resposta, o laudo cumpriu a fun\u00e7\u00e3o; se precisa de tradutor, n\u00e3o cumpriu.&#8221;<\/p>\n<\/blockquote>\n<h2>Proposta de honor\u00e1rios: fundamento, n\u00e3o n\u00famero solto<\/h2>\n<p>Sobre o arbitramento, a r\u00e9gua apresentada \u00e9 a da demonstrabilidade: quadro de horas etapa por etapa, modula\u00e7\u00e3o pela complexidade que os autos revelam em n\u00fameros e confer\u00eancia do precedente da comarca. &#8220;N\u00famero solto \u00e9 chute, e chute se impugna f\u00e1cil; n\u00famero demonstrado \u00e9 or\u00e7amento, e or\u00e7amento se defende sozinho.&#8221;<\/p>\n<h2>Impugna\u00e7\u00e3o volumosa n\u00e3o \u00e9 veredito sobre o laudo<\/h2>\n<p>O entrevistado relata ter recebido 1.359 p\u00e1ginas de impugna\u00e7\u00e3o contra as 24 p\u00e1ginas do seu laudo \u2014 das quais 85% eram reimpress\u00e3o de pe\u00e7as que j\u00e1 estavam nos autos havia anos. A leitura que faz do epis\u00f3dio: volume n\u00e3o \u00e9 argumento, e &#8220;laudo que n\u00e3o d\u00f3i em ningu\u00e9m provavelmente n\u00e3o resolveu nada&#8221;.<\/p>\n<h2>Reputa\u00e7\u00e3o que viaja com o ju\u00edzo<\/h2>\n<p>A entrevista tamb\u00e9m explica como a carreira ultrapassou <strong>800 nomea\u00e7\u00f5es<\/strong> em tr\u00eas estados: ju\u00edzes promovidos e removidos levam consigo os peritos cujo trabalho j\u00e1 testaram \u2014 e o nome permanece na comarca depois, porque a mem\u00f3ria operacional \u00e9 da secretaria, n\u00e3o do gabinete.<\/p>\n<h2>Leia a \u00edntegra e conhe\u00e7a o livro<\/h2>\n<p>A entrevista completa, com as onze perguntas e um b\u00f4nus sobre o pedido fundamentado acima do m\u00ednimo da tabela do TJGO, est\u00e1 no <a href=\"https:\/\/www.blogdosergiovieira.com.br\/2026\/07\/da-primeira-nomeacao-ao-sucesso-o-mapa.html\" target=\"_blank\" rel=\"noopener\">Blog do S\u00e9rgio Vieira<\/a>.<\/p>\n<p>O livro <em>O Primeiro Ano do Perito Judicial<\/em> est\u00e1 <a href=\"https:\/\/a.co\/d\/0dCAkXIz\" target=\"_blank\" rel=\"noopener\">dispon\u00edvel na Amazon<\/a>. Os demais t\u00edtulos do perito podem ser consultados na p\u00e1gina de <a href=\"https:\/\/valejudicial.com.br\/en\/publicacoes\/\">Publica\u00e7\u00f5es<\/a>.<\/p>","protected":false},"excerpt":{"rendered":"<p>O Blog do S\u00e9rgio Vieira entrevistou o perito Caio Azeredo sobre o livro O Primeiro Ano do Perito Judicial: a auditoria invis\u00edvel das varas, o laudo escrito para a senten\u00e7a e a proposta de honor\u00e1rios fundamentada.<\/p>","protected":false},"author":1,"featured_media":9360,"comment_status":"open","ping_status":"open","sticky":false,"template":"","format":"standard","meta":{"footnotes":""},"categories":[6],"tags":[],"class_list":["post-9359","post","type-post","status-publish","format-standard","has-post-thumbnail","hentry","category-blog","kng-has-post-thumbnail"],"_links":{"self":[{"href":"https:\/\/valejudicial.com.br\/en\/wp-json\/wp\/v2\/posts\/9359","targetHints":{"allow":["GET"]}}],"collection":[{"href":"https:\/\/valejudicial.com.br\/en\/wp-json\/wp\/v2\/posts"}],"about":[{"href":"https:\/\/valejudicial.com.br\/en\/wp-json\/wp\/v2\/types\/post"}],"author":[{"embeddable":true,"href":"https:\/\/valejudicial.com.br\/en\/wp-json\/wp\/v2\/users\/1"}],"replies":[{"embeddable":true,"href":"https:\/\/valejudicial.com.br\/en\/wp-json\/wp\/v2\/comments?post=9359"}],"version-history":[{"count":1,"href":"https:\/\/valejudicial.com.br\/en\/wp-json\/wp\/v2\/posts\/9359\/revisions"}],"predecessor-version":[{"id":9361,"href":"https:\/\/valejudicial.com.br\/en\/wp-json\/wp\/v2\/posts\/9359\/revisions\/9361"}],"wp:featuredmedia":[{"embeddable":true,"href":"https:\/\/valejudicial.com.br\/en\/wp-json\/wp\/v2\/media\/9360"}],"wp:attachment":[{"href":"https:\/\/valejudicial.com.br\/en\/wp-json\/wp\/v2\/media?parent=9359"}],"wp:term":[{"taxonomy":"category","embeddable":true,"href":"https:\/\/valejudicial.com.br\/en\/wp-json\/wp\/v2\/categories?post=9359"},{"taxonomy":"post_tag","embeddable":true,"href":"https:\/\/valejudicial.com.br\/en\/wp-json\/wp\/v2\/tags?post=9359"}],"curies":[{"name":"wp","href":"https:\/\/api.w.org\/{rel}","templated":true}]}}